[{"@context":"https:\/\/schema.org\/","@type":"Article","@id":"https:\/\/www.aterus.cz\/zase-dovolena\/#Article","mainEntityOfPage":"https:\/\/www.aterus.cz\/zase-dovolena\/","headline":"Zase dovolen\u00e1?","name":"Zase dovolen\u00e1?","description":"Zase ta dovolen\u00e1. Co takhle si kone\u010dn\u011b ud\u011blat letos kr\u00e1snou dovolenou, a to pr\u00e1v\u011b p\u0159es V\u00e1noce? U\u017e jste si n\u011bkdy \u0159\u00edkali, \u017ee byste t\u0159eba o V\u00e1noc\u00edch jeli n\u011bkam na dovolenou? J\u00e1 se p\u0159izn\u00e1m, \u017ee my stra\u0161n\u011b r\u00e1di o V\u00e1noc\u00edch jedeme aspo\u0148 na v\u00fdlet na dva dny, proto\u017ee takov\u00fd v\u00e1no\u010dn\u00ed v\u00fdlet si mysl\u00edm, \u017ee je \u00fapln\u011b&hellip;","datePublished":"2024-04-30","dateModified":"2024-04-30","author":{"@type":"Person","@id":"https:\/\/www.aterus.cz\/author\/#Person","name":"","url":"https:\/\/www.aterus.cz\/author\/","identifier":1,"image":{"@type":"ImageObject","@id":"https:\/\/secure.gravatar.com\/avatar\/80bc9a30a8183589d38927f3b57d5a9aa763777ca2942415b346d54d020a9840?s=96&d=mm&r=g","url":"https:\/\/secure.gravatar.com\/avatar\/80bc9a30a8183589d38927f3b57d5a9aa763777ca2942415b346d54d020a9840?s=96&d=mm&r=g","height":96,"width":96}},"publisher":{"@type":"Organization","name":"aterus.cz","logo":{"@type":"ImageObject","@id":"\/logo.png","url":"\/logo.png","width":600,"height":60}},"image":{"@type":"ImageObject","@id":"https:\/\/www.aterus.cz\/wp-content\/uploads\/%C5%BEena%20s%20br%C3%BDlei_2.jpg","url":"https:\/\/www.aterus.cz\/wp-content\/uploads\/%C5%BEena%20s%20br%C3%BDlei_2.jpg","height":0,"width":0},"url":"https:\/\/www.aterus.cz\/zase-dovolena\/","about":["Dovolen\u00e1"],"wordCount":466,"articleBody":"Zase ta dovolen\u00e1. Co takhle si kone\u010dn\u011b ud\u011blat letos kr\u00e1snou dovolenou, a to pr\u00e1v\u011b p\u0159es V\u00e1noce? U\u017e jste si n\u011bkdy \u0159\u00edkali, \u017ee byste t\u0159eba o V\u00e1noc\u00edch jeli n\u011bkam na dovolenou? J\u00e1 se p\u0159izn\u00e1m, \u017ee my stra\u0161n\u011b r\u00e1di o V\u00e1noc\u00edch jedeme aspo\u0148 na v\u00fdlet na dva dny, proto\u017ee takov\u00fd v\u00e1no\u010dn\u00ed v\u00fdlet si mysl\u00edm, \u017ee je \u00fapln\u011b skv\u011bl\u00fd a m\u016f\u017eete si z\u00e1rove\u0148 u\u017e\u00edt kr\u00e1snou dovolenou. I dvoudenn\u00ed dovolen\u00e1 v\u00e1m prost\u011b m\u016f\u017ee p\u0159in\u00e9st velkou radost, budete m\u00edt velkou vzpom\u00ednku na to, jak jste si u\u017eili kr\u00e1snou v\u00e1no\u010dn\u00ed dovolenou, proto\u017ee o V\u00e1noc\u00edch je kr\u00e1sn\u00e1 atmosf\u00e9ra. Hlavn\u011b o V\u00e1noc\u00edch je advent, najednou v\u0161echno kr\u00e1sn\u011b von\u00ed po V\u00e1noc\u00edch a je to velice n\u00e1dhern\u00e9 a p\u0159\u00edjemn\u00e9, proto\u017ee ta v\u016fn\u011b V\u00e1noc je ka\u017edoro\u010dn\u011b p\u0159ekr\u00e1sn\u00e1.Pokud samoz\u0159ejm\u011b milujete i to, \u017ee r\u00e1di chod\u00edte do kostela, tak si m\u016f\u017eete zajet i n\u011bkam pod\u00edvat, proto\u017ee kostely jsou otev\u0159en\u00e9 a m\u016f\u017eete se nadechnout kr\u00e1sn\u00e9 v\u00e1no\u010dn\u00ed atmosf\u00e9ry i v kostele. J\u00e1 se p\u0159izn\u00e1m, \u017ee ka\u017edoro\u010dn\u011b chod\u00edme koukat do kostela a m\u016f\u017eu v\u00e1m \u0159\u00edct, \u017ee to je stra\u0161n\u011b p\u0159\u00edjemn\u00e9. \u010clov\u011bk si tam chvilku sedne a najednou m\u00e1te \u00fapln\u011b jin\u00e9 my\u0161lenky, a p\u0159enese v\u00e1s to \u00fapln\u011b n\u011bkam jinam. J\u00e1 to m\u00e1m hrozn\u011b r\u00e1da a m\u00e1m r\u00e1da pr\u00e1v\u011b takovou tu zm\u011bnu, proto\u017ee \u010dlov\u011bk chvilku vypust\u00ed mozek \u00fapln\u011b do jin\u00e9 atmosf\u00e9ry, a to pr\u00e1v\u011b do t\u00e9 v\u00e1no\u010dn\u00ed, kter\u00e1 v\u00e1m d\u00e1 n\u011bco jin\u00e9ho ne\u017e klasick\u00e1 dovolen\u00e1, kdy\u017e pojedete n\u011bkam v l\u00e9t\u011b k mo\u0159i. Samoz\u0159ejm\u011b je to ale ka\u017ed\u00e9ho v\u011bc, kam r\u00e1d cestuje nebo ne.Ale pokud byste si kone\u010dn\u011b cht\u011bli ud\u011blat po\u0159\u00e1dn\u00fd v\u00fdlet a tro\u0161ku zm\u011bnu, tak o V\u00e1noc\u00edch je dovolen\u00e1 spr\u00e1vn\u00fdm m\u00edstem pro to, abyste zapomn\u011bli na v\u0161echny starosti a stresy a u\u017eili si pohromad\u011b s rodinou kr\u00e1sn\u00e9 V\u00e1noce a kr\u00e1sn\u00e9 v\u00e1no\u010dn\u00ed sv\u00e1tky. D\u00edky V\u00e1noc\u016fm si prost\u011b m\u016f\u017eete u\u017e\u00edt kr\u00e1sn\u00e9 V\u00e1noce, a pokud m\u00e1te d\u011bti, tak si to naprosto u\u017eijete, proto\u017ee d\u011bti V\u00e1noce miluj\u00ed, a \u010d\u00edm v\u00edc sn\u011bhu, t\u00edm l\u00edp. V\u00e1noce jsem o sn\u011bhu, a kdy\u017e kr\u00e1sn\u011b nasn\u011b\u017e\u00ed, tak je to velk\u00e1 radost.\u00a0                                                                                                                                                                                                                                                                                                                                                                                                "},{"@context":"https:\/\/schema.org\/","@type":"BreadcrumbList","itemListElement":[{"@type":"ListItem","position":1,"name":"Zase dovolen\u00e1?","item":"https:\/\/www.aterus.cz\/zase-dovolena\/#breadcrumbitem"}]}]