[{"@context":"https:\/\/schema.org\/","@type":"Article","@id":"https:\/\/www.aterus.cz\/stehovani-do-skandinavie\/#Article","mainEntityOfPage":"https:\/\/www.aterus.cz\/stehovani-do-skandinavie\/","headline":"St\u011bhov\u00e1n\u00ed do Skandin\u00e1vie","name":"St\u011bhov\u00e1n\u00ed do Skandin\u00e1vie","description":"Pl\u00e1nujete st\u011bhov\u00e1n\u00ed do skandin\u00e1vsk\u00fdch zem\u00ed a m\u016f\u017eete rozhodnout o jeho term\u00ednu? Pak bychom v\u00e1m mohli p\u0159ipomenout, \u017ee tyto zem\u011b se od t\u00e9 na\u0161\u00ed li\u0161\u00ed zejm\u00e9na podnebn\u00fdm p\u00e1smem, a \u017ee tu panuj\u00ed odli\u0161n\u00e9 meteorologick\u00e9 podm\u00ednky. Ledov\u00e9 v\u011btry \u2013 v otev\u0159en\u00e9 krajin\u011b na severu Evropy se ob\u010das vyskytnou siln\u00e9 ledov\u00e9 v\u011btry, kter\u00e9 v\u00fdrazn\u011b sni\u017euj\u00ed pocitovou teplotu a&hellip;","datePublished":"2024-10-06","dateModified":"2024-10-06","author":{"@type":"Person","@id":"https:\/\/www.aterus.cz\/author\/#Person","name":"","url":"https:\/\/www.aterus.cz\/author\/","identifier":1,"image":{"@type":"ImageObject","@id":"https:\/\/secure.gravatar.com\/avatar\/80bc9a30a8183589d38927f3b57d5a9aa763777ca2942415b346d54d020a9840?s=96&d=mm&r=g","url":"https:\/\/secure.gravatar.com\/avatar\/80bc9a30a8183589d38927f3b57d5a9aa763777ca2942415b346d54d020a9840?s=96&d=mm&r=g","height":96,"width":96}},"publisher":{"@type":"Organization","name":"aterus.cz","logo":{"@type":"ImageObject","@id":"\/logo.png","url":"\/logo.png","width":600,"height":60}},"image":{"@type":"ImageObject","@id":"https:\/\/www.aterus.cz\/wp-content\/uploads\/trees-7847672_640.jpg","url":"https:\/\/www.aterus.cz\/wp-content\/uploads\/trees-7847672_640.jpg","height":0,"width":0},"url":"https:\/\/www.aterus.cz\/stehovani-do-skandinavie\/","about":["Spole\u010dnosti"],"wordCount":410,"articleBody":"   Pl\u00e1nujete st\u011bhov\u00e1n\u00ed do skandin\u00e1vsk\u00fdch zem\u00ed a m\u016f\u017eete rozhodnout o jeho term\u00ednu? Pak bychom v\u00e1m mohli p\u0159ipomenout, \u017ee tyto zem\u011b se od t\u00e9 na\u0161\u00ed li\u0161\u00ed zejm\u00e9na podnebn\u00fdm p\u00e1smem, a \u017ee tu panuj\u00ed odli\u0161n\u00e9 meteorologick\u00e9 podm\u00ednky. Ledov\u00e9 v\u011btry \u2013 v otev\u0159en\u00e9 krajin\u011b na severu Evropy se ob\u010das vyskytnou siln\u00e9 ledov\u00e9 v\u011btry, kter\u00e9 v\u00fdrazn\u011b sni\u017euj\u00ed pocitovou teplotu a mohou b\u00fdt p\u0159\u00ed\u010dinou omrzlin. Tomuto jevu se vyplat\u00ed rad\u011bji p\u0159i st\u011bhov\u00e1n\u00ed vyh\u00fdbat, proto\u017ee se t\u00edm cel\u00fd proces zbyte\u010dn\u011b komplikuje a z\u00e1rove\u0148 jste ohro\u017eov\u00e1ni na zdrav\u00ed. Pr\u00e1v\u011b proto m\u00e1 sv\u016fj v\u00fdznam napl\u00e1novat st\u011bhov\u00e1n\u00ed do Finska na tepl\u00e9 obdob\u00ed roku. Kr\u00e1tk\u00fd slune\u010dn\u00ed svit \u2013 pamatujte na to, \u017ee v zimn\u00edm obdob\u00ed je severn\u00ed polokoule v oblasti kolem pol\u00e1rn\u00edho kruhu sev\u0159ena tmou, panuje tu pol\u00e1rn\u00ed noc a Slunce vych\u00e1z\u00ed jen na p\u00e1r hodin. Toto m\u016f\u017ee b\u00fdt nep\u0159\u00edjemn\u00e9 p\u0159i vybalov\u00e1n\u00ed v\u011bc\u00ed a instalov\u00e1n\u00ed n\u00e1bytku, spot\u0159ebi\u010d\u016f a bytov\u00fdch dopl\u0148k\u016f.Komplikace na silnic\u00edch \u2013 silni\u010dn\u00ed dopravu velmi komplikuje nep\u0159\u00edze\u0148 po\u010das\u00ed, jako jsou nap\u0159\u00edklad sn\u011bhov\u00e9 v\u00e1nice a kalamitn\u00ed vrstvy sn\u011bhu, kter\u00e9 nesta\u010d\u00ed technick\u00e9 slu\u017eby odkl\u00edzet z povrchu silnic a d\u00e1lnic. V zim\u011b se tu tak\u00e9 \u010dast\u011bji setk\u00e1te s kolonami vozidel, a to va\u0161e st\u011bhov\u00e1n\u00ed m\u016f\u017ee prot\u00e1hnout i o mnoho hodin. Toto je op\u011bt dal\u0161\u00ed d\u016fvod k tomu p\u0159esunout term\u00edn st\u011bhov\u00e1n\u00ed do Skandin\u00e1vie nap\u0159\u00edklad na kv\u011bten nebo \u010derven \u010di z\u00e1\u0159\u00ed.St\u011bhov\u00e1n\u00ed v l\u00e9t\u011b \u2013 ve vlastn\u00edm z\u00e1jmu se tak\u00e9 vyhn\u011bte st\u011bhov\u00e1n\u00ed v tropick\u00fdch vedrech, kter\u00e9 nas\u00e1vaj\u00ed v \u010cesk\u00e9 republice v \u010dervenci a v srpnu. Ve Skandin\u00e1vii je tou dobou sice chladn\u011bji, ale vy mus\u00edte nejprve p\u0159eklenout vzd\u00e1lenost z centra Evropy do m\u00edst s chladn\u011bj\u0161\u00edm ovzdu\u0161\u00edm, a to nebude b\u011bhem chv\u00edle, ale potrv\u00e1 to des\u00edtky hodin. Tropick\u00e1 vedra nejsou u n\u00e1s p\u0159\u00edjemn\u00e1 ani v pr\u016fb\u011bhu p\u0159\u00edpravy na st\u011bhov\u00e1n\u00ed p\u0159i balen\u00ed v\u011bc\u00ed \u010di demont\u00e1\u017ei n\u00e1bytku a p\u0159i za\u0159izov\u00e1n\u00ed v\u0161ech nutn\u00fdch administrativn\u00edch z\u00e1le\u017eitost\u00ed.                                                                                                                                                                                                                                                                                                                                                                                                  "},{"@context":"https:\/\/schema.org\/","@type":"BreadcrumbList","itemListElement":[{"@type":"ListItem","position":1,"name":"St\u011bhov\u00e1n\u00ed do Skandin\u00e1vie","item":"https:\/\/www.aterus.cz\/stehovani-do-skandinavie\/#breadcrumbitem"}]}]