[{"@context":"https:\/\/schema.org\/","@type":"Article","@id":"https:\/\/www.aterus.cz\/seda-pohovka-skvele-poslouzi-nadcasovemu-interieru\/#Article","mainEntityOfPage":"https:\/\/www.aterus.cz\/seda-pohovka-skvele-poslouzi-nadcasovemu-interieru\/","headline":"\u0160ed\u00e1 pohovka skv\u011ble poslou\u017e\u00ed nad\u010dasov\u00e9mu interi\u00e9ru","name":"\u0160ed\u00e1 pohovka skv\u011ble poslou\u017e\u00ed nad\u010dasov\u00e9mu interi\u00e9ru","description":"Tato barva je neutr\u00e1ln\u00ed a m\u016f\u017eete ji tak sm\u011ble zkombinovat t\u0159eba s\u00a0b\u00edlou nebo zelenou. Bude z\u00e1le\u017eet pouze na V\u00e1s, kter\u00fdm barevn\u00fdm kombinac\u00edm d\u00e1te nakonec p\u0159ednost. Interi\u00e9r m\u00e1te za\u0159\u00edzen\u00fd v\u00a0duchu minimalismu. D\u00e1v\u00e1te p\u0159ednost jemn\u00fdm pastelov\u00fdm barv\u00e1m. Jenom ob\u010das m\u016f\u017eeme u V\u00e1s doma narazit na v\u00fdrazn\u00fd prvek, kter\u00fd je hodn\u011b barevn\u00fd. K\u0159iklav\u00e9 barvy v\u0161ak p\u0159\u00edmo nesn\u00e1\u0161\u00edte. Ty&hellip;","datePublished":"2024-10-26","dateModified":"2024-10-26","author":{"@type":"Person","@id":"https:\/\/www.aterus.cz\/author\/#Person","name":"","url":"https:\/\/www.aterus.cz\/author\/","identifier":1,"image":{"@type":"ImageObject","@id":"https:\/\/secure.gravatar.com\/avatar\/80bc9a30a8183589d38927f3b57d5a9aa763777ca2942415b346d54d020a9840?s=96&d=mm&r=g","url":"https:\/\/secure.gravatar.com\/avatar\/80bc9a30a8183589d38927f3b57d5a9aa763777ca2942415b346d54d020a9840?s=96&d=mm&r=g","height":96,"width":96}},"publisher":{"@type":"Organization","name":"aterus.cz","logo":{"@type":"ImageObject","@id":"\/logo.png","url":"\/logo.png","width":600,"height":60}},"url":"https:\/\/www.aterus.cz\/seda-pohovka-skvele-poslouzi-nadcasovemu-interieru\/","wordCount":224,"articleBody":"Tato barva je neutr\u00e1ln\u00ed a m\u016f\u017eete ji tak sm\u011ble zkombinovat t\u0159eba s\u00a0b\u00edlou nebo zelenou. Bude z\u00e1le\u017eet pouze na V\u00e1s, kter\u00fdm barevn\u00fdm kombinac\u00edm d\u00e1te nakonec p\u0159ednost. Interi\u00e9r m\u00e1te za\u0159\u00edzen\u00fd v\u00a0duchu minimalismu. D\u00e1v\u00e1te p\u0159ednost jemn\u00fdm pastelov\u00fdm barv\u00e1m. Jenom ob\u010das m\u016f\u017eeme u V\u00e1s doma narazit na v\u00fdrazn\u00fd prvek, kter\u00fd je hodn\u011b barevn\u00fd. K\u0159iklav\u00e9 barvy v\u0161ak p\u0159\u00edmo nesn\u00e1\u0161\u00edte. Ty do Va\u0161eho interi\u00e9ru nesm\u00ed. Prozat\u00edm jste spokojen\u00e1 s\u00a0touto barevnou paletou. T\u0159eba se to jednoho dne zm\u011bn\u00ed a Vy zatou\u017e\u00edte po po\u0159\u00e1dn\u00e9 zm\u011bn\u011b.\tSeda\u010dky v\u00a0neutr\u00e1ln\u00edch barv\u00e1ch jsou st\u00e1le v\u00a0kurzuTyto slova m\u016f\u017eete potvrdit. Taky jste si te\u010f jednu rozkl\u00e1dac\u00ed seda\u010dku do dom\u00e1cnosti po\u0159izovala a neutr\u00e1ln\u00ed barvy V\u00e1s nakonec taky p\u0159esv\u011bd\u010dily. Zvolila jste obl\u00edbenou \u0161edou, kterou podle slov profesion\u00e1ln\u00edho bytov\u00e9ho architekta nikdy nic nepokaz\u00edte. Budete mu v\u011b\u0159it. Interi\u00e9r m\u00e1te za\u0159\u00edzen\u00ed nad\u010dasov\u00fdm n\u00e1bytkem, kter\u00fd bude popul\u00e1rn\u00ed i za n\u011bkolik let. Nepotrp\u00edte si na extravagantn\u00ed v\u011bci. \u0160ed\u00e1 pohovka Va\u0161\u00ed dom\u00e1cnosti moc slu\u0161\u00ed a nav\u00edc je i komfortn\u00ed.                                                                                                                                                                                                                                                                                                                                                                                                "},{"@context":"https:\/\/schema.org\/","@type":"BreadcrumbList","itemListElement":[{"@type":"ListItem","position":1,"name":"\u0160ed\u00e1 pohovka skv\u011ble poslou\u017e\u00ed nad\u010dasov\u00e9mu interi\u00e9ru","item":"https:\/\/www.aterus.cz\/seda-pohovka-skvele-poslouzi-nadcasovemu-interieru\/#breadcrumbitem"}]}]