[{"@context":"https:\/\/schema.org\/","@type":"Article","@id":"https:\/\/www.aterus.cz\/proc-si-radeji-kartonove-krabice-na-stehovani-pronajmout\/#Article","mainEntityOfPage":"https:\/\/www.aterus.cz\/proc-si-radeji-kartonove-krabice-na-stehovani-pronajmout\/","headline":"Pro\u010d si rad\u011bji kartonov\u00e9 krabice na st\u011bhov\u00e1n\u00ed pronajmout","name":"Pro\u010d si rad\u011bji kartonov\u00e9 krabice na st\u011bhov\u00e1n\u00ed pronajmout","description":"Sh\u00e1n\u00edte pro st\u011bhov\u00e1n\u00ed va\u0161eho bytu \u010di domu kartonov\u00e9 krabice? Pro\u010d si je rad\u011bji p\u016fj\u010dit, ne\u017e kupovat? Neutr\u00e1cejte zbyte\u010dn\u011b \u2013 n\u011bkter\u00e9 st\u011bhovac\u00ed firmy pronaj\u00edmaj\u00ed kartonov\u00e9 krabice pro balen\u00ed v\u011bc\u00ed, vyjde v\u00e1s to rozhodn\u011b levn\u011bji, ne\u017e krabice n\u011bkde kupovat. Samoz\u0159ejm\u011b, \u017ee m\u00e1te mo\u017enost je dov\u00e9zt z n\u011bkter\u00fdch obchod\u016f, ale je-li st\u011bhov\u00e1n\u00ed v\u011bt\u0161\u00edho rozsahu, budete krabice sh\u00e1n\u011bt dlouhou&hellip;","datePublished":"2022-08-20","dateModified":"2022-08-20","author":{"@type":"Person","@id":"https:\/\/www.aterus.cz\/author\/#Person","name":"","url":"https:\/\/www.aterus.cz\/author\/","identifier":1,"image":{"@type":"ImageObject","@id":"https:\/\/secure.gravatar.com\/avatar\/80bc9a30a8183589d38927f3b57d5a9aa763777ca2942415b346d54d020a9840?s=96&d=mm&r=g","url":"https:\/\/secure.gravatar.com\/avatar\/80bc9a30a8183589d38927f3b57d5a9aa763777ca2942415b346d54d020a9840?s=96&d=mm&r=g","height":96,"width":96}},"publisher":{"@type":"Organization","name":"aterus.cz","logo":{"@type":"ImageObject","@id":"\/logo.png","url":"\/logo.png","width":600,"height":60}},"image":{"@type":"ImageObject","@id":"https:\/\/www.aterus.cz\/wp-content\/uploads\/copy-space-ga257bb737_640.jpg","url":"https:\/\/www.aterus.cz\/wp-content\/uploads\/copy-space-ga257bb737_640.jpg","height":0,"width":0},"url":"https:\/\/www.aterus.cz\/proc-si-radeji-kartonove-krabice-na-stehovani-pronajmout\/","wordCount":440,"articleBody":"   Sh\u00e1n\u00edte pro st\u011bhov\u00e1n\u00ed va\u0161eho bytu \u010di domu kartonov\u00e9 krabice? Pro\u010d si je rad\u011bji p\u016fj\u010dit, ne\u017e kupovat?Neutr\u00e1cejte zbyte\u010dn\u011b \u2013 n\u011bkter\u00e9 st\u011bhovac\u00ed firmy pronaj\u00edmaj\u00ed kartonov\u00e9 krabice pro balen\u00ed v\u011bc\u00ed, vyjde v\u00e1s to rozhodn\u011b levn\u011bji, ne\u017e krabice n\u011bkde kupovat. Samoz\u0159ejm\u011b, \u017ee m\u00e1te mo\u017enost je dov\u00e9zt z n\u011bkter\u00fdch obchod\u016f, ale je-li st\u011bhov\u00e1n\u00ed v\u011bt\u0161\u00edho rozsahu, budete krabice sh\u00e1n\u011bt dlouhou dobu a vynalo\u017e\u00edte mo\u017en\u00e1 tolik energie, \u00fasil\u00ed a pen\u011bz za dopravn\u00e9, \u017ee by v\u00e1s to vy\u0161lo levn\u011bji v p\u0159\u00edpad\u011b jednor\u00e1zov\u00e9ho n\u00e1kupu.Co s nimi pak \u2013 kdy\u017e krabice nakoup\u00edte, b\u00fdv\u00e1 to pro v\u00e1s jednor\u00e1zov\u00e1 z\u00e1le\u017eitost, leda, \u017ee byste pl\u00e1novali dal\u0161\u00ed st\u011bhov\u00e1n\u00ed, \u0159ekn\u011bme za p\u016fl roku, to by pak m\u011blo v\u00fdznam. Ale pro jednor\u00e1zovou akci je to docela pl\u00fdtv\u00e1n\u00ed pen\u011bzi, kdy\u017e si vezmete, \u017ee v\u0161echny krabice nakonec skon\u010d\u00ed v kontejnerech na t\u0159\u00edd\u011bn\u00fd odpad. Vyu\u017eit\u00ed kartonov\u00fdch krabic k n\u011bjak\u00fdm smyslupln\u00fdm z\u00e1le\u017eitostem je dosti pofidern\u00ed, obvykle to b\u00fdvaj\u00ed dome\u010dky pro d\u011bti nebo plocha pro kreativn\u00ed d\u011btsk\u00e9 v\u00fdtvory, ale kdy\u017e nem\u00e1te d\u011bti, co s t\u00edm? M\u00e1te snad n\u011bjak\u00fd n\u00e1pad, jak pap\u00edrov\u00fd karton vyu\u017e\u00edt?Nemus\u00edte se strefit do spr\u00e1vn\u00e9ho mno\u017estv\u00ed \u2013 pokud koup\u00edte krabic p\u0159\u00edli\u0161 mnoho, zbyte\u010dn\u011b vyhod\u00edte pen\u00edze oknem, a bude-li jich p\u0159\u00edli\u0161 m\u00e1lo, budete muset zas objedn\u00e1vat dal\u0161\u00ed, a v p\u0159\u00edpad\u011b prodeje z e-shopu to znamen\u00e1 dal\u0161\u00ed n\u00e1klady na p\u0159epravn\u00e9, a podobn\u00e9 je to i v kamenn\u00fdch prodejn\u00e1ch, kam mus\u00edte fyzicky dojet a krabice si odv\u00e9zt. I proto je v\u00fdhodn\u00fd pron\u00e1jem krabic u st\u011bhovac\u00ed firmy, proto\u017ee se vyplat\u00ed krabic pronajmout rad\u011bji v\u00edc, a ty, co nevyu\u017eijete, si st\u011bhov\u00e1ci rovnou ve st\u011bhovac\u00ed den odvezou.Krom\u011b krabic i bublinkov\u00e1 f\u00f3lie \u2013 st\u011bhovac\u00ed firmu m\u016f\u017eete po\u017e\u00e1dat i o zaji\u0161t\u011bn\u00ed bublinkov\u00e9 f\u00f3lie. Je to snad ten nejlep\u0161\u00ed balic\u00ed a v\u00fdpl\u0148ov\u00fd materi\u00e1l, kter\u00fd existuje. Zabal\u00edte do n\u00ed a\u017e na p\u00e1r mali\u010dkost\u00ed snad v\u0161echno, a to v\u010detn\u011b  skla , keramiky a porcel\u00e1nu. Nebu\u010fte po\u0161etil\u00ed, nebalte va\u0161e v\u011bci do zap\u00e1chaj\u00edc\u00edch novin a \u010dasopis\u016f, a vsa\u010fte na zdravotn\u011b nez\u00e1vadn\u00e9, \u010dist\u00e9, nezap\u00e1chaj\u00edc\u00ed a lehk\u00e9 bublinky v polyetylenu.                                                                                                                                                                                                                                                                                                                                                                                                  "},{"@context":"https:\/\/schema.org\/","@type":"BreadcrumbList","itemListElement":[{"@type":"ListItem","position":1,"name":"Pro\u010d si rad\u011bji kartonov\u00e9 krabice na st\u011bhov\u00e1n\u00ed pronajmout","item":"https:\/\/www.aterus.cz\/proc-si-radeji-kartonove-krabice-na-stehovani-pronajmout\/#breadcrumbitem"}]}]