[{"@context":"https:\/\/schema.org\/","@type":"Article","@id":"https:\/\/www.aterus.cz\/prioritou-balkonu-je-zabradli\/#Article","mainEntityOfPage":"https:\/\/www.aterus.cz\/prioritou-balkonu-je-zabradli\/","headline":"Prioritou balk\u00f3nu je z\u00e1bradl\u00ed.","name":"Prioritou balk\u00f3nu je z\u00e1bradl\u00ed.","description":"Stav\u00edme si d\u016fm a u\u017e se bl\u00ed\u017e\u00edme ke zna\u010dn\u00e9mu konci. Okna jsou osazen\u00e1, podlahu u\u017e m\u00e1me taky danou. Elekt\u0159ina se je\u0161t\u011b dod\u011bl\u00e1v\u00e1 a za\u010d\u00edn\u00e1me se zabydlovat. Kone\u010dn\u011b. Ty \u010dty\u0159i roky d\u0159iny se n\u00e1m vr\u00e1tili v podob\u011b na\u0161eho kr\u00e1sn\u00e9ho domu, ve kter\u00e9m budeme spolu \u017e\u00edt a vychov\u00e1vat d\u011bti. Co v\u00edce od \u017eivota pot\u0159ebujete. No sice ne&hellip;","datePublished":"2023-10-15","dateModified":"2023-11-15","author":{"@type":"Person","@id":"https:\/\/www.aterus.cz\/author\/#Person","name":"","url":"https:\/\/www.aterus.cz\/author\/","identifier":1,"image":{"@type":"ImageObject","@id":"https:\/\/secure.gravatar.com\/avatar\/80bc9a30a8183589d38927f3b57d5a9aa763777ca2942415b346d54d020a9840?s=96&d=mm&r=g","url":"https:\/\/secure.gravatar.com\/avatar\/80bc9a30a8183589d38927f3b57d5a9aa763777ca2942415b346d54d020a9840?s=96&d=mm&r=g","height":96,"width":96}},"publisher":{"@type":"Organization","name":"aterus.cz","logo":{"@type":"ImageObject","@id":"\/logo.png","url":"\/logo.png","width":600,"height":60}},"image":{"@type":"ImageObject","@id":"https:\/\/www.aterus.cz\/wp-content\/uploads\/motoki-tonn-OVK3wg9r4FA-unsplash.jpg","url":"https:\/\/www.aterus.cz\/wp-content\/uploads\/motoki-tonn-OVK3wg9r4FA-unsplash.jpg","height":0,"width":0},"url":"https:\/\/www.aterus.cz\/prioritou-balkonu-je-zabradli\/","about":["Nakupov\u00e1n\u00ed"],"wordCount":445,"articleBody":"   Stav\u00edme si d\u016fm a u\u017e se bl\u00ed\u017e\u00edme ke zna\u010dn\u00e9mu konci. Okna jsou osazen\u00e1, podlahu u\u017e m\u00e1me taky danou. Elekt\u0159ina se je\u0161t\u011b dod\u011bl\u00e1v\u00e1 a za\u010d\u00edn\u00e1me se zabydlovat. Kone\u010dn\u011b. Ty \u010dty\u0159i roky d\u0159iny se n\u00e1m vr\u00e1tili v podob\u011b na\u0161eho kr\u00e1sn\u00e9ho domu, ve kter\u00e9m budeme spolu \u017e\u00edt a vychov\u00e1vat d\u011bti. Co v\u00edce od \u017eivota pot\u0159ebujete. No sice ne od \u017eivota, ale pot\u0159ebujeme naj\u00edt firmu, kter\u00e1 n\u00e1m ud\u011bl\u00e1 z\u00e1bradl\u00ed k balk\u00f3n\u016fm. Z\u00e1bradl\u00ed na balk\u00f3n bylo tedy pro n\u00e1s prioritou a \u0159e\u0161ili jsme to okam\u017eit\u011b. Ale m\u011bli jsme dilema, jak\u00e9 z\u00e1bradl\u00ed bychom m\u011bli vz\u00edt. Mohli jsme si vybrat. Zda budeme cht\u00edt t\u0159eba d\u0159ev\u011bn\u00e9, prosklen\u00e9, ocelov\u00e9 a dal\u0161\u00ed. Sklen\u011bn\u00e9 jsme zavrhla hned.Vypad\u00e1 to stra\u0161n\u011b kr\u00e1sn\u011b, ale pro m\u011b ta \u00fadr\u017eba moc nen\u00ed, Abych ho st\u00e1le drhla. Hlavn\u011b jsem m\u011bla i strach, aby t\u0159eba t\u00fdm sklem d\u011bti nepropadly anebo aby ho nerozbili. Tak jsme nakonec vybrali d\u0159ev\u011bn\u00e9 a jsem s n\u00edm opravdu spokojen\u00e1. D\u0159ev\u011bn\u00e9 z\u00e1bradl\u00ed je perfektn\u011b zpracovan\u00e9 a \u00fadr\u017eba je skoro \u017e\u00e1dn\u00e1. M\u00e1me dva velk\u00e9 balk\u00f3ny, jeden jde k n\u00e1m do lo\u017enice a pak jeden dlouh\u00fd maj\u00ed d\u011bti u pokoj\u00ed\u010dk\u016f. Dve\u0159e bal\u00f3nu si na\u0161t\u011bst\u00ed d\u011bti neotev\u0159ou, maj\u00ed tam pojistky. Tak \u017ee moje obavy jsou men\u0161\u00ed, \u017ee by se jim mohlo n\u011bco st\u00e1t. Ale ur\u010dit\u011b budeme m\u00edt i balk\u00f3nov\u00e9 z\u00e1bradl\u00ed. P\u0159eci jenom m\u00edt nezabezpe\u010den\u00fd balk\u00f3n nen\u00ed jenom nebezpe\u010dn\u00e9 pro d\u011bti, ale i pro dosp\u011bl\u00e9 a dom\u00e1c\u00ed mazl\u00ed\u010dky. J\u00e1 tam chod\u00edm v\u011b\u0161et pr\u00e1dlo a kolikr\u00e1t m\u00e1m co d\u011blat. M\u00e1m obavu, \u017ee se mi zato\u010d\u00ed hlava, nebo \u0161patn\u011b \u0161l\u00e1pnu a spadnu dol\u016f. Je to opravdu nebezpe\u010dn\u00e9. Tak \u017ee pokud m\u00e1te taky balk\u00f3n zat\u00edm bez z\u00e1bradl\u00ed, tak ur\u010dit\u011b nev\u00e1hejte a co nejd\u0159\u00edv si ho po\u0159i\u010fte, ur\u010dit\u011b pak budete taky klidn\u011bj\u0161\u00ed. P\u0159eci jenom je bezpe\u010dnost p\u0159edev\u0161\u00edm a finan\u010dn\u011b to tak n\u00e1ro\u010dn\u00e9 taky nemus\u00ed b\u00fdt. Sta\u010d\u00ed si naj\u00edt firmu a vybrat opravdu dob\u0159e. J\u00e1 pro\u0161la \u0161est firem, kter\u00e9 d\u011blaj\u00ed z\u00e1bradl\u00ed na balk\u00f3n. A\u017e jsem kone\u010dn\u011b byla p\u0159esv\u011bd\u010den\u00e1 o tom, \u017ee to je ta spr\u00e1vn\u00e1 firma, tak jsem je oslovila.                                                                                                                                                                                                                                                                                                                                                                                                   "},{"@context":"https:\/\/schema.org\/","@type":"BreadcrumbList","itemListElement":[{"@type":"ListItem","position":1,"name":"Prioritou balk\u00f3nu je z\u00e1bradl\u00ed.","item":"https:\/\/www.aterus.cz\/prioritou-balkonu-je-zabradli\/#breadcrumbitem"}]}]