[{"@context":"https:\/\/schema.org\/","@type":"Article","@id":"https:\/\/www.aterus.cz\/komu-darovat-antidekubitni-sedak\/#Article","mainEntityOfPage":"https:\/\/www.aterus.cz\/komu-darovat-antidekubitni-sedak\/","headline":"Komu darovat antidekubitn\u00ed sed\u00e1k","name":"Komu darovat antidekubitn\u00ed sed\u00e1k","description":"V\u00edte, co jsou to dekubity? Je to odborn\u00fd v\u00fdraz pro prole\u017eeniny, p\u0159\u00edpadn\u011b prosezeniny, zp\u016fsoben\u00e9 nedostate\u010dn\u00fdm prokrvov\u00e1n\u00edm povrchov\u00fdch t\u011blesn\u00fdch tk\u00e1n\u00ed, kter\u00e9 jsou ne\u00fam\u011brn\u011b staticky zat\u011b\u017eov\u00e1ny le\u017een\u00edm \u010di sezen\u00edm, bez mo\u017enosti \u010dast\u011bji m\u011bnit polohu t\u011bla. T\u00fdk\u00e1 se to p\u0159edev\u0161\u00edm star\u0161\u00edch osob, nebo chronicky nemocn\u00fdch, kte\u0159\u00ed jsou dlouhodob\u011b upout\u00e1ni na l\u016f\u017eko, anebo posti\u017een\u00fdch jedinc\u016f na invalidn\u00edm voz\u00edku. Dekubity,&hellip;","datePublished":"2023-12-15","dateModified":"2024-01-16","author":{"@type":"Person","@id":"https:\/\/www.aterus.cz\/author\/#Person","name":"","url":"https:\/\/www.aterus.cz\/author\/","identifier":1,"image":{"@type":"ImageObject","@id":"https:\/\/secure.gravatar.com\/avatar\/80bc9a30a8183589d38927f3b57d5a9aa763777ca2942415b346d54d020a9840?s=96&d=mm&r=g","url":"https:\/\/secure.gravatar.com\/avatar\/80bc9a30a8183589d38927f3b57d5a9aa763777ca2942415b346d54d020a9840?s=96&d=mm&r=g","height":96,"width":96}},"publisher":{"@type":"Organization","name":"aterus.cz","logo":{"@type":"ImageObject","@id":"\/logo.png","url":"\/logo.png","width":600,"height":60}},"image":{"@type":"ImageObject","@id":"https:\/\/www.aterus.cz\/wp-content\/uploads\/disabled-4027745_640.jpg","url":"https:\/\/www.aterus.cz\/wp-content\/uploads\/disabled-4027745_640.jpg","height":0,"width":0},"url":"https:\/\/www.aterus.cz\/komu-darovat-antidekubitni-sedak\/","about":["Nakupov\u00e1n\u00ed"],"wordCount":434,"articleBody":"       V\u00edte, co jsou to dekubity? Je to odborn\u00fd v\u00fdraz pro prole\u017eeniny, p\u0159\u00edpadn\u011b prosezeniny, zp\u016fsoben\u00e9 nedostate\u010dn\u00fdm prokrvov\u00e1n\u00edm povrchov\u00fdch t\u011blesn\u00fdch tk\u00e1n\u00ed, kter\u00e9 jsou ne\u00fam\u011brn\u011b staticky zat\u011b\u017eov\u00e1ny le\u017een\u00edm \u010di sezen\u00edm, bez mo\u017enosti \u010dast\u011bji m\u011bnit polohu t\u011bla. T\u00fdk\u00e1 se to p\u0159edev\u0161\u00edm star\u0161\u00edch osob, nebo chronicky nemocn\u00fdch, kte\u0159\u00ed jsou dlouhodob\u011b upout\u00e1ni na l\u016f\u017eko, anebo posti\u017een\u00fdch jedinc\u016f na invalidn\u00edm voz\u00edku.Dekubity, nebo sp\u00ed\u0161e tendence k jejich tvorb\u011b, se v\u0161ak mohou t\u00fdkat ka\u017ed\u00e9ho z n\u00e1s. Nap\u0159\u00edklad p\u0159i dlouhodob\u00e9m sezen\u00ed na d\u0159ev\u011bn\u00e9m \u010di plastov\u00e9m povrchu, p\u0159i \u0161patn\u011b zvolen\u00fdch kancel\u00e1\u0159sk\u00fdch \u017eidl\u00edch a k\u0159eslech, jestli\u017ee na nich tr\u00e1v\u00edme ka\u017ed\u00fd den mnoho hodin, anebo u \u0159emesln\u00edk\u016f, kte\u0159\u00ed jsou nuceni del\u0161\u00ed dobu p\u0159i pr\u00e1ci sed\u011bt na betonov\u00e9 podlaze.Dekubit\u016fm a jev\u016fm, kter\u00e9 k nim sm\u011b\u0159uj\u00ed, se v\u0161ak d\u00e1 snadno p\u0159edch\u00e1zet, a sice vhodnou antidekubitn\u00ed podlo\u017ekou \u010di sed\u00e1kem. Lid\u00e9, kte\u0159\u00ed je vyr\u00e1b\u00ed, nejsou v\u016f\u010di t\u011bmto situac\u00edm nete\u010dn\u00ed a necht\u011bj\u00ed se sm\u00ed\u0159it s t\u00edm, \u017ee tento jev ka\u017ed\u00fd rok zp\u016fsobuje mnoh\u00fdm z n\u00e1s i v\u00e1\u017en\u00e9 zdravotn\u00ed komplikace, a v n\u011bkter\u00fdch p\u0159\u00edpadech jsou mnoz\u00ed jedinci i v ohro\u017een\u00ed \u017eivota. Pracuj\u00ed na v\u00fdvoji zdravotn\u00edch pom\u016fcek pro zdrav\u00e9 i posti\u017een\u00e9 osoby, kter\u00e9 lze vyu\u017e\u00edt v nemocnic\u00edch, v dom\u00e1cnostech, v kancel\u00e1\u0159\u00edch i na pracovi\u0161t\u00edch pro manu\u00e1ln\u00ed profese.V\u00fdhody antidekubitn\u00edch sed\u00e1k\u016f do voz\u00edku (a nejen do invalidn\u00edch voz\u00edk\u016f) spo\u010d\u00edvaj\u00ed na zm\u00edrn\u011bn\u00ed dopadu dlouh\u00e9ho sezen\u00ed t\u00edm, \u017ee poskytuj\u00ed v\u011bt\u0161\u00ed prody\u0161nost a men\u0161\u00ed tlakovou z\u00e1t\u011b\u017e na h\u00fd\u017ed\u011b a stehna, tato technologie ji\u017e byla patentov\u00e1na a jedn\u00e1 se o \u010desk\u00fd v\u00fdrobek, kter\u00fd je na trhu relativn\u011b kr\u00e1tkou dobu. Sou\u010dasn\u011b s t\u00edm to n\u00e1s, ostatn\u00ed, nut\u00ed k zamy\u0161len\u00ed, jak zlep\u0161it \u017eivot sv\u016fj i sv\u00fdch bl\u00edzk\u00fdch v podobn\u00e9m duchu i p\u0159i sportu a relaxaci, a nab\u00eddnout lep\u0161\u00ed mo\u017enosti i p\u0159i cestov\u00e1n\u00ed autem \u010di hromadn\u00fdmi prost\u0159edky, kde lze sed\u00e1ky rovn\u011b\u017e vyu\u017e\u00edt velice efektivn\u011b. Jsou vyu\u017eiteln\u00e9 pro dosp\u011bl\u00e9 i pro d\u011bti bez rozd\u00edlu v\u011bku, s v\u00fdjimkou kojenc\u016f a batolat.                                                                                                                                                                                                                                                                                                                                                                                                  "},{"@context":"https:\/\/schema.org\/","@type":"BreadcrumbList","itemListElement":[{"@type":"ListItem","position":1,"name":"Komu darovat antidekubitn\u00ed sed\u00e1k","item":"https:\/\/www.aterus.cz\/komu-darovat-antidekubitni-sedak\/#breadcrumbitem"}]}]