[{"@context":"https:\/\/schema.org\/","@type":"Article","@id":"https:\/\/www.aterus.cz\/co-delat-s-pocitacem-ktery-nepouzivam\/#Article","mainEntityOfPage":"https:\/\/www.aterus.cz\/co-delat-s-pocitacem-ktery-nepouzivam\/","headline":"Co d\u011blat s po\u010d\u00edta\u010dem, kter\u00fd nepou\u017e\u00edv\u00e1m?","name":"Co d\u011blat s po\u010d\u00edta\u010dem, kter\u00fd nepou\u017e\u00edv\u00e1m?","description":"Po\u010d\u00edta\u010de stejn\u011b jako mobily a jin\u00e1 za\u0159\u00edzen\u00ed jdou rychle dop\u0159edu. Zejm\u00e9na pokud si koup\u00edte n\u011bjak\u00fd levn\u011bj\u0161\u00ed kousek a za p\u00e1r let zjist\u00edte, \u017ee v\u00e1m moc nesta\u010d\u00ed nebo nefunguje podle va\u0161ich p\u0159edstav. Takov\u00fd po\u010d\u00edta\u010d pak vezmete a schov\u00e1te ho n\u011bkam na p\u016fdu nebo do sp\u00ed\u017ee, proto\u017ee ho pravd\u011bpodobn\u011b nebudete pot\u0159ebovat. A to je velk\u00e1 chyba. Pro\u010d?&hellip;","datePublished":"2022-08-14","dateModified":"2022-08-14","author":{"@type":"Person","@id":"https:\/\/www.aterus.cz\/author\/#Person","name":"","url":"https:\/\/www.aterus.cz\/author\/","identifier":1,"image":{"@type":"ImageObject","@id":"https:\/\/secure.gravatar.com\/avatar\/80bc9a30a8183589d38927f3b57d5a9aa763777ca2942415b346d54d020a9840?s=96&d=mm&r=g","url":"https:\/\/secure.gravatar.com\/avatar\/80bc9a30a8183589d38927f3b57d5a9aa763777ca2942415b346d54d020a9840?s=96&d=mm&r=g","height":96,"width":96}},"publisher":{"@type":"Organization","name":"aterus.cz","logo":{"@type":"ImageObject","@id":"\/logo.png","url":"\/logo.png","width":600,"height":60}},"image":{"@type":"ImageObject","@id":"https:\/\/www.aterus.cz\/wp-content\/uploads\/computer-767776_960_720_1.jpg","url":"https:\/\/www.aterus.cz\/wp-content\/uploads\/computer-767776_960_720_1.jpg","height":0,"width":0},"url":"https:\/\/www.aterus.cz\/co-delat-s-pocitacem-ktery-nepouzivam\/","wordCount":444,"articleBody":"   Po\u010d\u00edta\u010de stejn\u011b jako mobily a jin\u00e1 za\u0159\u00edzen\u00ed jdou rychle dop\u0159edu. Zejm\u00e9na pokud si koup\u00edte n\u011bjak\u00fd levn\u011bj\u0161\u00ed kousek a za p\u00e1r let zjist\u00edte, \u017ee v\u00e1m moc nesta\u010d\u00ed nebo nefunguje podle va\u0161ich p\u0159edstav. Takov\u00fd po\u010d\u00edta\u010d pak vezmete a schov\u00e1te ho n\u011bkam na p\u016fdu nebo do sp\u00ed\u017ee, proto\u017ee ho pravd\u011bpodobn\u011b nebudete pot\u0159ebovat. A to je velk\u00e1 chyba. Pro\u010d?Po celosv\u011btov\u00e9 pandemii zas\u00e1hl po\u010d\u00edta\u010dov\u00fd pr\u016fmysl obrovsk\u00fd \u00fader ve form\u011b nedostatku sou\u010d\u00e1stek. Kv\u016fli pandemii, kter\u00e1 \u0159\u00e1dila hlavn\u011b v \u010c\u00edn\u011b je nem\u011bl kdo vyr\u00e1b\u011bt. Suroviny na vyroben\u00ed sou\u010d\u00e1stek tak\u00e9 nem\u011bl kdo t\u011b\u017eit. Tato krize zp\u016fsobila to, \u017ee si lid\u00e9 objednali sou\u010d\u00e1stku za klidn\u011b trojn\u00e1sobek ceny a stejn\u011b ji nedostali d\u0159\u00edv ne\u017e za t\u0159i m\u011bs\u00edce. Pr\u00e1v\u011b kv\u016fli t\u00e9to krizi byste se vy doma m\u011bli zamyslet nad t\u00edm, jestli je moudr\u00e9 nech\u00e1vat nepou\u017e\u00edvan\u00fd po\u010d\u00edta\u010d doma. Moudr\u00e9 to rozhodn\u011b nen\u00ed. V p\u0159\u00edpad\u011b, \u017ee po\u010d\u00edta\u010d nefunguje tak jak m\u00e1, m\u016f\u017eete ho nechat opravit u Opravy PC Beroun https:\/\/fsnet.cz\/sluzby\/prodej-a-servis-it-techniky\/. I kdy\u017e s po\u010d\u00edta\u010dem nic nen\u00ed, jenom je kv\u016fli st\u00e1\u0159\u00ed pomalej\u0161\u00ed a t\u00edm pro v\u00e1s tedy nevyu\u017eiteln\u00fd, pop\u0159em\u00fd\u0161lejte, co by se s n\u00edm dalo d\u011blat d\u00e1l. \u00dapln\u011b jednodu\u0161e ho m\u016f\u017eete prodat. Existuje mnoho lid\u00ed, kte\u0159\u00ed by si r\u00e1di koupili jak\u00fdkoliv PC i kdy\u017e je t\u00e9m\u011b\u0159 nefunk\u010dn\u00ed. Sta\u010d\u00ed se jenom s n\u011bk\u00fdm poradit o cen\u011b a m\u016f\u017eete j\u00edt na r\u016fzn\u00e9 str\u00e1nky bazar\u016f. N\u011bkter\u00e9 obchody s po\u010d\u00edta\u010di maj\u00ed dokonce i akce, p\u0159i kter\u00fdch si m\u016f\u017eete koupit nov\u00fd PC za sn\u00ed\u017eenou cenu, kdy\u017e jim donesete ten star\u00fd. Je to v\u00fdhodn\u00e9 jak pro v\u00e1s, tak pro obchod samotn\u00fd a samoz\u0159ejm\u011b tak\u00e9 \u017eivotn\u00ed prost\u0159ed\u00ed. Proto\u017ee sou\u010d\u00e1stky ze star\u00e9ho PC se pravd\u011bpodobn\u011b budou recyklovat, aby se z nich dali vyrobit http:\/\/coolmagazin.iprima.cz\/tech\/video-nejmensi-mobil-na-svete-schovate-v-dlani-ma-opravdu-necekane-vychytavky  \u00fapln\u011b nov\u00e9 do nov\u00fdch za\u0159\u00edzen\u00ed. Nev\u00e1hejte a ud\u011blejte n\u011bco se sv\u00fdm star\u00fdm PC hned. Je zbyte\u010dn\u00e9 nech\u00e1vat star\u00e9 nepou\u017e\u00edvan\u00e9 po\u010d\u00edta\u010de jen tak le\u017eet doma, kdy\u017e mohou b\u00fdt pou\u017eity jak\u00fdmkoliv jin\u00fdm zp\u016fsobem d\u00e1l. D\u00e1le myslete na to, abyste si jako nov\u00fd PC koupili opravdu kvalitn\u00ed kus, kter\u00fd v\u00e1m vydr\u017e\u00ed del\u0161\u00ed dobu ne\u017e ten, kter\u00fd jste si te\u010f po\u0159\u00eddili p\u0159edt\u00edm.                                                                                                                                                                                                                                                                                                                                                                                                   "},{"@context":"https:\/\/schema.org\/","@type":"BreadcrumbList","itemListElement":[{"@type":"ListItem","position":1,"name":"Co d\u011blat s po\u010d\u00edta\u010dem, kter\u00fd nepou\u017e\u00edv\u00e1m?","item":"https:\/\/www.aterus.cz\/co-delat-s-pocitacem-ktery-nepouzivam\/#breadcrumbitem"}]}]